{"id":107,"date":"2012-10-15T21:28:15","date_gmt":"2012-10-15T20:28:15","guid":{"rendered":"http:\/\/www.beg-schelklingen.de\/?p=107"},"modified":"2015-12-20T21:29:39","modified_gmt":"2015-12-20T20:29:39","slug":"neue-projekte-vor-der-realisierung","status":"publish","type":"post","link":"http:\/\/www.beg-schelklingen.de\/?p=107","title":{"rendered":"Neue Projekte vor der Realisierung"},"content":{"rendered":"<p>Auf unserem Stand bei der Leistungsschau am 14.10.2012 haben wir unsere beiden noch in diesem Jahr umzusetzenden Projekte vorgestellt.<\/p>\n<p>Wie bereits im Rahmen unserer Generalversammlung berichtet, haben wir f\u00fcr dieses Jahr den Bau einer PV-Anlage auf der Heinrich-Kaim Schule in Schelklingen geplant. Durch die bis Mitte des Jahres unklare Gesetzeslage wurde die Realisierung verz\u00f6gert. Die nun feststehenden stark reduzierten Einspeisetarife haben die Untersuchung mehrerer Varianten erforderlich gemacht. Die komplette Belegung aller D\u00e4cher mit einer Gesamtleistung von ca. 120 kW erwies sich als nicht wirtschaftlich. Geplant haben wir nun eine Teilbelegung mit insgesamt 48 kW. Durch die N\u00e4he zur neu eingef\u00fchrten Degressionsstufe im Erneuerbare Energien Gesetz (EEG) von 40 kW, l\u00e4sst sich die Anlage noch wirtschaftlich dastellen. Die Umsetzung soll baldm\u00f6glichst erfolgen.<\/p>\n<p>Als weiteres Projekt haben wir\u00a0eine PV-Anlage auf dem Dach der in Sanierung befindlichen Grundschule Schmiechen geplant. Die Installation der Anlage mit 33 kW ist im Rahmen der Dachsanierung vorgesehen.<\/p>\n<p>&nbsp;<\/p>\n<p>Helfen Sie durch Ihre <a class=\"internal-link\" href=\"http:\/\/www.buergerenergie-schelklingen.de\/?id=2452\">Beteiligung <\/a>mit, dass diese und weitere Projekte zur umweltfreundlichen und dezentralen Stromerzeugung realisiert werden k\u00f6nnen.<\/p>\n","protected":false},"excerpt":{"rendered":"<p>Auf unserem Stand bei der Leistungsschau am 14.10.2012 haben wir unsere beiden noch in diesem Jahr umzusetzenden Projekte vorgestellt. Wie bereits im Rahmen unserer Generalversammlung berichtet, haben wir f\u00fcr dieses Jahr den Bau einer PV-Anlage auf der Heinrich-Kaim Schule in Schelklingen geplant. Durch die bis Mitte des Jahres unklare Gesetzeslage wurde die Realisierung verz\u00f6gert. Die\u2026 <span class=\"read-more\"><a href=\"http:\/\/www.beg-schelklingen.de\/?p=107\">Weiterlesen &raquo;<\/a><\/span><\/p>\n","protected":false},"author":1,"featured_media":0,"comment_status":"closed","ping_status":"open","sticky":false,"template":"","format":"standard","meta":{"footnotes":""},"categories":[1],"tags":[],"class_list":["post-107","post","type-post","status-publish","format-standard","hentry","category-uncategorized"],"_links":{"self":[{"href":"http:\/\/www.beg-schelklingen.de\/index.php?rest_route=\/wp\/v2\/posts\/107","targetHints":{"allow":["GET"]}}],"collection":[{"href":"http:\/\/www.beg-schelklingen.de\/index.php?rest_route=\/wp\/v2\/posts"}],"about":[{"href":"http:\/\/www.beg-schelklingen.de\/index.php?rest_route=\/wp\/v2\/types\/post"}],"author":[{"embeddable":true,"href":"http:\/\/www.beg-schelklingen.de\/index.php?rest_route=\/wp\/v2\/users\/1"}],"replies":[{"embeddable":true,"href":"http:\/\/www.beg-schelklingen.de\/index.php?rest_route=%2Fwp%2Fv2%2Fcomments&post=107"}],"version-history":[{"count":1,"href":"http:\/\/www.beg-schelklingen.de\/index.php?rest_route=\/wp\/v2\/posts\/107\/revisions"}],"predecessor-version":[{"id":108,"href":"http:\/\/www.beg-schelklingen.de\/index.php?rest_route=\/wp\/v2\/posts\/107\/revisions\/108"}],"wp:attachment":[{"href":"http:\/\/www.beg-schelklingen.de\/index.php?rest_route=%2Fwp%2Fv2%2Fmedia&parent=107"}],"wp:term":[{"taxonomy":"category","embeddable":true,"href":"http:\/\/www.beg-schelklingen.de\/index.php?rest_route=%2Fwp%2Fv2%2Fcategories&post=107"},{"taxonomy":"post_tag","embeddable":true,"href":"http:\/\/www.beg-schelklingen.de\/index.php?rest_route=%2Fwp%2Fv2%2Ftags&post=107"}],"curies":[{"name":"wp","href":"https:\/\/api.w.org\/{rel}","templated":true}]}}