{"id":109,"date":"2012-07-01T21:29:48","date_gmt":"2012-07-01T20:29:48","guid":{"rendered":"http:\/\/www.beg-schelklingen.de\/?p=109"},"modified":"2015-12-20T21:30:50","modified_gmt":"2015-12-20T20:30:50","slug":"bericht-von-der-generalversammlung-2012","status":"publish","type":"post","link":"http:\/\/www.beg-schelklingen.de\/?p=109","title":{"rendered":"Bericht von der Generalversammlung 2012"},"content":{"rendered":"<p align=\"justify\">Am Freitag 29.06.2012 um 19:30 Uhr fand im Gemeindehaus der evangelischen Kirchengemeinde Schelklingen die erste, satzungsgem\u00e4\u00dfe Generalversammlung der im September 2010 gegr\u00fcndeten B\u00fcrgerEnergiegenossenschaft Schelklingen statt.<\/p>\n<p align=\"justify\">Die anwesenden Mitglieder, entlasteten Vorstand und Aufsichtsrat einstimmig und best\u00e4tigten f\u00fcr den Zeitraum 2010 bis 2011 eine gute Arbeit und sparsame Haushaltsf\u00fchrung.<\/p>\n<p align=\"justify\">Zuvor wurden von beiden Organen die Berichte \u00fcber den erfolgreichen Gesch\u00e4ftsverlauf abgegeben. Die Genossenschaft verf\u00fcgte zum Ende des ersten, vollen Gesch\u00e4ftsjahrs 2011 bereits \u00fcber vier PV-Anlagen mit einer Gesamtleistung von 180 kWp, welche bis dahin 98000 kWh elektrische Energie erzeugt und 55 Tonnen CO2 vermieden haben.<\/p>\n<p align=\"justify\">M\u00f6glich war dies durch einen guten Zulauf von Mitgliedern, deren Zahl Ende 2011 48 bei einem gezeichneten Kapital in H\u00f6he von 95000 EUR betrug. Aktuell sind es schon 56 Mitglieder, die insgesamt 173700 EUR halten.<\/p>\n<p align=\"justify\">Der erfreuliche Gesch\u00e4ftsverlauf versetzte den Vorstand in die Lage der Versammlung neben der Bildung einer vern\u00fcnftigen R\u00fccklage auch die Aussch\u00fcttung einer Dividende in H\u00f6he von 4,25% vorzuschlagen, was so auch beschlossen wurde. Mit diesem respektablen Wert wurde auch gezeigt, dass eine Investition in sauberere, regenerative Energie zum Wohl unserer Umwelt nicht nur Idealismus ist, sondern sich auch lohnen kann.<\/p>\n<p align=\"justify\">Im weiteren Verlauf erhielten die Mitglieder einen Ausblick auf weitere geplante Projekte, zu denen neben weiteren PV-Anlagen auch die Beteiligung an lokalen und regionalen Windkraftprojekten geh\u00f6rt. Hierbei sieht sich die Genossenschaft vor allem in der Aufgabe, der B\u00fcrgerschaft auch eine M\u00f6glichkeit zur Beteiligung an diesen Projekten in reduziertem Umfang weit unterhalb der \u00fcblichen Kommanditistenanteile zu bieten. Eine breite B\u00fcrgerbeteiligung ist Voraussetzung f\u00fcr eine gute Akzeptanz solcher Anlagen.<\/p>\n<p align=\"justify\">Nach dem Beschluss einiger sinnvoller Satzungs\u00e4nderungen und der allgemeinen Aussprache- und Fragerunde konnte die erfolgreich und harmonisch verlaufene Generalversammlung um ca. 22:00 Uhr beendet werden.<\/p>\n","protected":false},"excerpt":{"rendered":"<p>Am Freitag 29.06.2012 um 19:30 Uhr fand im Gemeindehaus der evangelischen Kirchengemeinde Schelklingen die erste, satzungsgem\u00e4\u00dfe Generalversammlung der im September 2010 gegr\u00fcndeten B\u00fcrgerEnergiegenossenschaft Schelklingen statt. Die anwesenden Mitglieder, entlasteten Vorstand und Aufsichtsrat einstimmig und best\u00e4tigten f\u00fcr den Zeitraum 2010 bis 2011 eine gute Arbeit und sparsame Haushaltsf\u00fchrung. Zuvor wurden von beiden Organen die Berichte \u00fcber\u2026 <span class=\"read-more\"><a href=\"http:\/\/www.beg-schelklingen.de\/?p=109\">Weiterlesen &raquo;<\/a><\/span><\/p>\n","protected":false},"author":1,"featured_media":0,"comment_status":"closed","ping_status":"open","sticky":false,"template":"","format":"standard","meta":{"footnotes":""},"categories":[1],"tags":[],"class_list":["post-109","post","type-post","status-publish","format-standard","hentry","category-uncategorized"],"_links":{"self":[{"href":"http:\/\/www.beg-schelklingen.de\/index.php?rest_route=\/wp\/v2\/posts\/109","targetHints":{"allow":["GET"]}}],"collection":[{"href":"http:\/\/www.beg-schelklingen.de\/index.php?rest_route=\/wp\/v2\/posts"}],"about":[{"href":"http:\/\/www.beg-schelklingen.de\/index.php?rest_route=\/wp\/v2\/types\/post"}],"author":[{"embeddable":true,"href":"http:\/\/www.beg-schelklingen.de\/index.php?rest_route=\/wp\/v2\/users\/1"}],"replies":[{"embeddable":true,"href":"http:\/\/www.beg-schelklingen.de\/index.php?rest_route=%2Fwp%2Fv2%2Fcomments&post=109"}],"version-history":[{"count":1,"href":"http:\/\/www.beg-schelklingen.de\/index.php?rest_route=\/wp\/v2\/posts\/109\/revisions"}],"predecessor-version":[{"id":110,"href":"http:\/\/www.beg-schelklingen.de\/index.php?rest_route=\/wp\/v2\/posts\/109\/revisions\/110"}],"wp:attachment":[{"href":"http:\/\/www.beg-schelklingen.de\/index.php?rest_route=%2Fwp%2Fv2%2Fmedia&parent=109"}],"wp:term":[{"taxonomy":"category","embeddable":true,"href":"http:\/\/www.beg-schelklingen.de\/index.php?rest_route=%2Fwp%2Fv2%2Fcategories&post=109"},{"taxonomy":"post_tag","embeddable":true,"href":"http:\/\/www.beg-schelklingen.de\/index.php?rest_route=%2Fwp%2Fv2%2Ftags&post=109"}],"curies":[{"name":"wp","href":"https:\/\/api.w.org\/{rel}","templated":true}]}}