{"id":117,"date":"2011-03-19T21:34:18","date_gmt":"2011-03-19T20:34:18","guid":{"rendered":"http:\/\/www.beg-schelklingen.de\/?p=117"},"modified":"2015-12-20T21:47:50","modified_gmt":"2015-12-20T20:47:50","slug":"fuehrung-bei-centrotherm","status":"publish","type":"post","link":"http:\/\/www.beg-schelklingen.de\/?p=117","title":{"rendered":"F\u00fchrung bei centrotherm"},"content":{"rendered":"<p>Am 18.03. waren wir zu Gast bei der Firma centrotherm photovoltaics in Blaubeuren und haben einen interessanten Einblick in die Produktion erhalten.<\/p>\n<p>centrotherm ist Weltmarktf\u00fchrer auf dem Gebiet der Herstellung von Produktionsanlagen f\u00fcr die Herstellung von Photovoltaikmodulen und deckt damit die gesamte Wertsch\u00f6pfungskette ab. Es sind zirka 1200 Mitarbeiter besch\u00e4ftigt.<\/p>\n<p>Neben der Produktion, durch die in mehreren Gruppen gef\u00fchrt wurde, konnten wir die PV-Anlage auf einem Geb\u00e4ude besichtigen. Dort werden auch Langzeittests verschiedener Modultypen durchgef\u00fchrt, welche von centrotherm Kunden hergestellt wurden.<\/p>\n<p><a href=\"http:\/\/www.beg-schelklingen.de\/wordpress\/wp-content\/uploads\/2015\/12\/centro_fertigung.jpg\"><img loading=\"lazy\" decoding=\"async\" class=\"alignnone size-medium wp-image-127\" src=\"http:\/\/www.beg-schelklingen.de\/wordpress\/wp-content\/uploads\/2015\/12\/centro_fertigung-300x225.jpg\" alt=\"centro_fertigung\" width=\"300\" height=\"225\" srcset=\"http:\/\/www.beg-schelklingen.de\/wordpress\/wp-content\/uploads\/2015\/12\/centro_fertigung-300x225.jpg 300w, http:\/\/www.beg-schelklingen.de\/wordpress\/wp-content\/uploads\/2015\/12\/centro_fertigung-1024x768.jpg 1024w, http:\/\/www.beg-schelklingen.de\/wordpress\/wp-content\/uploads\/2015\/12\/centro_fertigung-660x495.jpg 660w, http:\/\/www.beg-schelklingen.de\/wordpress\/wp-content\/uploads\/2015\/12\/centro_fertigung.jpg 1280w\" sizes=\"auto, (max-width: 300px) 100vw, 300px\" \/><\/a> <a href=\"http:\/\/www.beg-schelklingen.de\/wordpress\/wp-content\/uploads\/2015\/12\/centro_dach.jpg\"><img loading=\"lazy\" decoding=\"async\" class=\"alignnone size-medium wp-image-126\" src=\"http:\/\/www.beg-schelklingen.de\/wordpress\/wp-content\/uploads\/2015\/12\/centro_dach-300x225.jpg\" alt=\"centro_dach\" width=\"300\" height=\"225\" srcset=\"http:\/\/www.beg-schelklingen.de\/wordpress\/wp-content\/uploads\/2015\/12\/centro_dach-300x225.jpg 300w, http:\/\/www.beg-schelklingen.de\/wordpress\/wp-content\/uploads\/2015\/12\/centro_dach-1024x768.jpg 1024w, http:\/\/www.beg-schelklingen.de\/wordpress\/wp-content\/uploads\/2015\/12\/centro_dach-660x495.jpg 660w, http:\/\/www.beg-schelklingen.de\/wordpress\/wp-content\/uploads\/2015\/12\/centro_dach.jpg 1280w\" sizes=\"auto, (max-width: 300px) 100vw, 300px\" \/><\/a><\/p>\n<p>Mit \u00fcber 40 Teilnehmern\u00a0war das Interesse an der Besichtigung sehr gro\u00df. Wir danken der Firma centrotherm, dass Sie uns diese interessante F\u00fchrung angeboten hat.<\/p>\n<p>Im Anschluss stand die Besichtigung der ersten B\u00fcrgerenergie-Anlage am Bauhof an. Hierbei wurde auch \u00fcber die kommenden Projekte der B\u00fcrgerEnergiegenossenschaft Schelklingen informiert.<\/p>\n<p><a href=\"http:\/\/www.beg-schelklingen.de\/wordpress\/wp-content\/uploads\/2015\/12\/centro_bauhof.jpg\"><img loading=\"lazy\" decoding=\"async\" class=\"alignnone size-medium wp-image-125\" src=\"http:\/\/www.beg-schelklingen.de\/wordpress\/wp-content\/uploads\/2015\/12\/centro_bauhof-300x225.jpg\" alt=\"centro_bauhof\" width=\"300\" height=\"225\" srcset=\"http:\/\/www.beg-schelklingen.de\/wordpress\/wp-content\/uploads\/2015\/12\/centro_bauhof-300x225.jpg 300w, http:\/\/www.beg-schelklingen.de\/wordpress\/wp-content\/uploads\/2015\/12\/centro_bauhof-1024x768.jpg 1024w, http:\/\/www.beg-schelklingen.de\/wordpress\/wp-content\/uploads\/2015\/12\/centro_bauhof-660x495.jpg 660w, http:\/\/www.beg-schelklingen.de\/wordpress\/wp-content\/uploads\/2015\/12\/centro_bauhof.jpg 1280w\" sizes=\"auto, (max-width: 300px) 100vw, 300px\" \/><\/a><\/p>\n<p>Am 17.03. erfolgte die Eintragung unserer Genossenschaft beim Registergericht Ulm, somit k\u00f6nnen wir den Zusatz i.G. ablegen. Deshalb k\u00f6nnen wir ab sofort\u00a0f\u00fcr die Finanzierung unserer neuen Projekte wieder Mitglieder aufnehmen.<\/p>\n<p>&nbsp;<\/p>\n","protected":false},"excerpt":{"rendered":"<p>Am 18.03. waren wir zu Gast bei der Firma centrotherm photovoltaics in Blaubeuren und haben einen interessanten Einblick in die Produktion erhalten. centrotherm ist Weltmarktf\u00fchrer auf dem Gebiet der Herstellung von Produktionsanlagen f\u00fcr die Herstellung von Photovoltaikmodulen und deckt damit die gesamte Wertsch\u00f6pfungskette ab. Es sind zirka 1200 Mitarbeiter besch\u00e4ftigt. Neben der Produktion, durch die\u2026 <span class=\"read-more\"><a href=\"http:\/\/www.beg-schelklingen.de\/?p=117\">Weiterlesen &raquo;<\/a><\/span><\/p>\n","protected":false},"author":1,"featured_media":127,"comment_status":"closed","ping_status":"open","sticky":false,"template":"","format":"standard","meta":{"footnotes":""},"categories":[1],"tags":[],"class_list":["post-117","post","type-post","status-publish","format-standard","has-post-thumbnail","hentry","category-uncategorized"],"_links":{"self":[{"href":"http:\/\/www.beg-schelklingen.de\/index.php?rest_route=\/wp\/v2\/posts\/117","targetHints":{"allow":["GET"]}}],"collection":[{"href":"http:\/\/www.beg-schelklingen.de\/index.php?rest_route=\/wp\/v2\/posts"}],"about":[{"href":"http:\/\/www.beg-schelklingen.de\/index.php?rest_route=\/wp\/v2\/types\/post"}],"author":[{"embeddable":true,"href":"http:\/\/www.beg-schelklingen.de\/index.php?rest_route=\/wp\/v2\/users\/1"}],"replies":[{"embeddable":true,"href":"http:\/\/www.beg-schelklingen.de\/index.php?rest_route=%2Fwp%2Fv2%2Fcomments&post=117"}],"version-history":[{"count":2,"href":"http:\/\/www.beg-schelklingen.de\/index.php?rest_route=\/wp\/v2\/posts\/117\/revisions"}],"predecessor-version":[{"id":143,"href":"http:\/\/www.beg-schelklingen.de\/index.php?rest_route=\/wp\/v2\/posts\/117\/revisions\/143"}],"wp:featuredmedia":[{"embeddable":true,"href":"http:\/\/www.beg-schelklingen.de\/index.php?rest_route=\/wp\/v2\/media\/127"}],"wp:attachment":[{"href":"http:\/\/www.beg-schelklingen.de\/index.php?rest_route=%2Fwp%2Fv2%2Fmedia&parent=117"}],"wp:term":[{"taxonomy":"category","embeddable":true,"href":"http:\/\/www.beg-schelklingen.de\/index.php?rest_route=%2Fwp%2Fv2%2Fcategories&post=117"},{"taxonomy":"post_tag","embeddable":true,"href":"http:\/\/www.beg-schelklingen.de\/index.php?rest_route=%2Fwp%2Fv2%2Ftags&post=117"}],"curies":[{"name":"wp","href":"https:\/\/api.w.org\/{rel}","templated":true}]}}