{"id":157,"date":"2015-06-28T22:10:36","date_gmt":"2015-06-28T21:10:36","guid":{"rendered":"http:\/\/www.beg-schelklingen.de\/?p=157"},"modified":"2015-12-20T22:34:06","modified_gmt":"2015-12-20T21:34:06","slug":"bericht-von-der-generalversammlung-2015","status":"publish","type":"post","link":"http:\/\/www.beg-schelklingen.de\/?p=157","title":{"rendered":"Bericht von der Generalversammlung 2015"},"content":{"rendered":"<p>Die Generalversammlung 2015 fand am 26.06.2015 im Gasthaus Hirsch in Schelklingen-Schmiechen statt. Es waren 12 stimmberechtigte Mitglieder anwesend.<\/p>\n<p>Nach Begr\u00fc\u00dfung durch den Aufsichtsratsvorsitzenden Gerd Tillmann berichtete der Vorstand bestehend aus Reiner Riexinger, Armin Kneer und Jonas Riexinger \u00fcber das abgelaufene Gesch\u00e4ftsjahr und gab einen Ausblick auf m\u00f6gliche zuk\u00fcnftige Projekte.<\/p>\n<p>Es erfolgte eine Beteiligung an einer Betreibergesellschaft f\u00fcr einen PV-Park und eine Windenergieanlage, wodurch wieder neue Mitglieder und Aufstocker aufgenommen werden konnten. Die gesetzlichen Bedingungen haben sich mit dem EEG 2014 nochmals deutlich verschlechtert, weswegen die Realsierung neuer PV-Anlagen nur noch sehr schwierig wirtschaftlich darstellbar sind. Die BEG hat dennoch ein potentielles Projekt in Planung, das durch einen entsprechend hohe Eigenverbrauchsquote interessant ist. Des weiteren werden Projekte im Bereich Contracting gepr\u00fcft.<\/p>\n<p>Die M\u00f6glichkeit als BEG einen eigenen Stromtarif &#8222;Achtalstrom&#8220; anbieten zu k\u00f6nnen wird von den Anwesenden sehr positiv gesehen. Es wird vereinbart eine Umfrage unter den Mitgliedern zu machen um abzufragen, ob sich eine aureichend gro\u00dfe Anzahl an Stromkunden zu gewinnen w\u00e4re.<\/p>\n<p><a href=\"http:\/\/www.beg-schelklingen.de\/wordpress\/wp-content\/uploads\/2015\/12\/20150626_194151_Generalversammlung.jpg\"><img loading=\"lazy\" decoding=\"async\" class=\"alignnone size-medium wp-image-158\" src=\"http:\/\/www.beg-schelklingen.de\/wordpress\/wp-content\/uploads\/2015\/12\/20150626_194151_Generalversammlung-300x225.jpg\" alt=\"20150626_194151_Generalversammlung\" width=\"300\" height=\"225\" srcset=\"http:\/\/www.beg-schelklingen.de\/wordpress\/wp-content\/uploads\/2015\/12\/20150626_194151_Generalversammlung-300x225.jpg 300w, http:\/\/www.beg-schelklingen.de\/wordpress\/wp-content\/uploads\/2015\/12\/20150626_194151_Generalversammlung-1024x768.jpg 1024w, http:\/\/www.beg-schelklingen.de\/wordpress\/wp-content\/uploads\/2015\/12\/20150626_194151_Generalversammlung-660x495.jpg 660w\" sizes=\"auto, (max-width: 300px) 100vw, 300px\" \/><\/a><\/p>\n<p>Wirtschaftlich lief das Gesch\u00e4ftsjahr 2014 sehr gut, wodurch der Vorstand eine Dividende von 5,0 % zur Aussch\u00fcttung vorschlagen konnte. Dies beschloss die Generalversammlung dann auch so.<\/p>\n<p>Die anwesenden Mitglieder, entlasteten Vorstand und Aufsichtsrat einstimmig und dankten f\u00fcr die gute und erfolgreiche Arbeit.<\/p>\n","protected":false},"excerpt":{"rendered":"<p>Die Generalversammlung 2015 fand am 26.06.2015 im Gasthaus Hirsch in Schelklingen-Schmiechen statt. Es waren 12 stimmberechtigte Mitglieder anwesend. Nach Begr\u00fc\u00dfung durch den Aufsichtsratsvorsitzenden Gerd Tillmann berichtete der Vorstand bestehend aus Reiner Riexinger, Armin Kneer und Jonas Riexinger \u00fcber das abgelaufene Gesch\u00e4ftsjahr und gab einen Ausblick auf m\u00f6gliche zuk\u00fcnftige Projekte. Es erfolgte eine Beteiligung an einer\u2026 <span class=\"read-more\"><a href=\"http:\/\/www.beg-schelklingen.de\/?p=157\">Weiterlesen &raquo;<\/a><\/span><\/p>\n","protected":false},"author":1,"featured_media":158,"comment_status":"closed","ping_status":"open","sticky":false,"template":"","format":"standard","meta":{"footnotes":""},"categories":[1],"tags":[],"class_list":["post-157","post","type-post","status-publish","format-standard","has-post-thumbnail","hentry","category-uncategorized"],"_links":{"self":[{"href":"http:\/\/www.beg-schelklingen.de\/index.php?rest_route=\/wp\/v2\/posts\/157","targetHints":{"allow":["GET"]}}],"collection":[{"href":"http:\/\/www.beg-schelklingen.de\/index.php?rest_route=\/wp\/v2\/posts"}],"about":[{"href":"http:\/\/www.beg-schelklingen.de\/index.php?rest_route=\/wp\/v2\/types\/post"}],"author":[{"embeddable":true,"href":"http:\/\/www.beg-schelklingen.de\/index.php?rest_route=\/wp\/v2\/users\/1"}],"replies":[{"embeddable":true,"href":"http:\/\/www.beg-schelklingen.de\/index.php?rest_route=%2Fwp%2Fv2%2Fcomments&post=157"}],"version-history":[{"count":1,"href":"http:\/\/www.beg-schelklingen.de\/index.php?rest_route=\/wp\/v2\/posts\/157\/revisions"}],"predecessor-version":[{"id":159,"href":"http:\/\/www.beg-schelklingen.de\/index.php?rest_route=\/wp\/v2\/posts\/157\/revisions\/159"}],"wp:featuredmedia":[{"embeddable":true,"href":"http:\/\/www.beg-schelklingen.de\/index.php?rest_route=\/wp\/v2\/media\/158"}],"wp:attachment":[{"href":"http:\/\/www.beg-schelklingen.de\/index.php?rest_route=%2Fwp%2Fv2%2Fmedia&parent=157"}],"wp:term":[{"taxonomy":"category","embeddable":true,"href":"http:\/\/www.beg-schelklingen.de\/index.php?rest_route=%2Fwp%2Fv2%2Fcategories&post=157"},{"taxonomy":"post_tag","embeddable":true,"href":"http:\/\/www.beg-schelklingen.de\/index.php?rest_route=%2Fwp%2Fv2%2Ftags&post=157"}],"curies":[{"name":"wp","href":"https:\/\/api.w.org\/{rel}","templated":true}]}}