{"id":164,"date":"2016-07-07T20:42:02","date_gmt":"2016-07-07T19:42:02","guid":{"rendered":"http:\/\/www.beg-schelklingen.de\/?p=164"},"modified":"2017-05-07T20:58:59","modified_gmt":"2017-05-07T19:58:59","slug":"bericht-von-der-generalversammlung-2016","status":"publish","type":"post","link":"http:\/\/www.beg-schelklingen.de\/?p=164","title":{"rendered":"Bericht von der Generalversammlung 2016"},"content":{"rendered":"<p>Auch wenn die Arbeitsbedingungen f\u00fcr die Energiegenossenschaften durch die EEG-Reform und sonstige Ver\u00e4nderungen schwieriger geworden sind, konnten der Generalversammlung der B\u00fcrgerEnergiegenossenschaft Schelklingen eG, die am Freitag den 24.06.2016 statt fand, erfreuliche Zahlen vorgelegt werden.<br \/>\nDie anwesenden Mitglieder, entlasteten Vorstand und Aufsichtsrat einstimmig und dankten f\u00fcr die gute und erfolgreiche Arbeit.<br \/>\nZuvor wurden von beiden Organen die Berichte \u00fcber den Gesch\u00e4ftsverlauf abgegeben. Die Genossenschaft verf\u00fcgte zum Ende des f\u00fcnften Gesch\u00e4ftsjahrs 2015 \u00fcber sechs PV-Anlagen mit einer Gesamtleistung von 262 kWp welche mittlerweile fast 1,2 Millionen kWh elektrische Energie erzeugt und nahezu 700 Tonnen CO2 vermieden haben. Neben den eigenen PV-Anlagen wird eine Beteiligung an einem gr\u00f6\u00dferen Solarpark und einer geplanten Windkraftanlage gehalten.<br \/>\nDie Genossenschaft hat 65 Mitglieder, die Anteile im Wert von 262.200,-\u20ac gezeichnet haben.<br \/>\nDer positive Gesch\u00e4ftsverlauf versetzte den Vorstand in die Lage der Versammlung neben der Bildung einer vern\u00fcnftigen R\u00fccklage auch die Aussch\u00fcttung einer Dividende in H\u00f6he von 4,5% vorzuschlagen, was so auch beschlossen wurde. Mit diesem respektablen Wert, der neben der Sonne auch dem umfangreichen, ehrenamtlichen Engagement der Mitglieder zu verdanken ist, kann die mit einem St\u00fcck Idealismus verbundene Investition in sauberere, regenerative Energie belohnt werden.<br \/>\nIm weiteren Verlauf erhielten die Mitglieder einen \u00dcberblick zu weiteren m\u00f6glichen Projekten. Aufgrund der stark verringerten Einspeiseverg\u00fctung und weiterer Ver\u00e4nderungen im EEG sind kleinere Photovoltaikanlagen nur noch bei eigener Nutzung wirtschaftlich zu errichten. Auch der Ausbau der regionalen Windkraft kommt nach wie vor nicht so richtig voran und damit auch die geplante Beteiligung daran.<br \/>\nEin weiteres Handlungsfeld sieht die Genossenschaft in der Umsetzung und Finanzierung von Projekten zur Energieeffizienz und Einsparung wir beispielsweise bei Beleuchtung oder Heizung.<br \/>\nBei den anstehenden Wahlen des von 3 auf 4 Mitglieder erweiterten Aufsichtsrats wurden alle drei bisherigen R\u00e4te im Amt best\u00e4tigt.<br \/>\nDer neue Aufsichtsrat nahm direkt im Anschluss die Bestellung des Vorstands in unver\u00e4nderter Zusammenstellung vor.<br \/>\nNach einer allgemeinen Aussprache- und Fragerunde konnte die erfolgreich und harmonisch verlaufene Generalversammlung gegen 22:00 Uhr beendet werden.<\/p>\n","protected":false},"excerpt":{"rendered":"<p>Auch wenn die Arbeitsbedingungen f\u00fcr die Energiegenossenschaften durch die EEG-Reform und sonstige Ver\u00e4nderungen schwieriger geworden sind, konnten der Generalversammlung der B\u00fcrgerEnergiegenossenschaft Schelklingen eG, die am Freitag den 24.06.2016 statt fand, erfreuliche Zahlen vorgelegt werden. Die anwesenden Mitglieder, entlasteten Vorstand und Aufsichtsrat einstimmig und dankten f\u00fcr die gute und erfolgreiche Arbeit. Zuvor wurden von beiden Organen\u2026 <span class=\"read-more\"><a href=\"http:\/\/www.beg-schelklingen.de\/?p=164\">Weiterlesen &raquo;<\/a><\/span><\/p>\n","protected":false},"author":1,"featured_media":0,"comment_status":"closed","ping_status":"open","sticky":false,"template":"","format":"standard","meta":{"footnotes":""},"categories":[1],"tags":[],"class_list":["post-164","post","type-post","status-publish","format-standard","hentry","category-uncategorized"],"_links":{"self":[{"href":"http:\/\/www.beg-schelklingen.de\/index.php?rest_route=\/wp\/v2\/posts\/164","targetHints":{"allow":["GET"]}}],"collection":[{"href":"http:\/\/www.beg-schelklingen.de\/index.php?rest_route=\/wp\/v2\/posts"}],"about":[{"href":"http:\/\/www.beg-schelklingen.de\/index.php?rest_route=\/wp\/v2\/types\/post"}],"author":[{"embeddable":true,"href":"http:\/\/www.beg-schelklingen.de\/index.php?rest_route=\/wp\/v2\/users\/1"}],"replies":[{"embeddable":true,"href":"http:\/\/www.beg-schelklingen.de\/index.php?rest_route=%2Fwp%2Fv2%2Fcomments&post=164"}],"version-history":[{"count":1,"href":"http:\/\/www.beg-schelklingen.de\/index.php?rest_route=\/wp\/v2\/posts\/164\/revisions"}],"predecessor-version":[{"id":165,"href":"http:\/\/www.beg-schelklingen.de\/index.php?rest_route=\/wp\/v2\/posts\/164\/revisions\/165"}],"wp:attachment":[{"href":"http:\/\/www.beg-schelklingen.de\/index.php?rest_route=%2Fwp%2Fv2%2Fmedia&parent=164"}],"wp:term":[{"taxonomy":"category","embeddable":true,"href":"http:\/\/www.beg-schelklingen.de\/index.php?rest_route=%2Fwp%2Fv2%2Fcategories&post=164"},{"taxonomy":"post_tag","embeddable":true,"href":"http:\/\/www.beg-schelklingen.de\/index.php?rest_route=%2Fwp%2Fv2%2Ftags&post=164"}],"curies":[{"name":"wp","href":"https:\/\/api.w.org\/{rel}","templated":true}]}}