{"id":166,"date":"2017-06-29T12:05:35","date_gmt":"2017-06-29T11:05:35","guid":{"rendered":"http:\/\/www.beg-schelklingen.de\/?p=166"},"modified":"2017-06-29T12:05:35","modified_gmt":"2017-06-29T11:05:35","slug":"bericht-von-der-generalversammlung-2017","status":"publish","type":"post","link":"http:\/\/www.beg-schelklingen.de\/?p=166","title":{"rendered":"Bericht von der Generalversammlung 2017"},"content":{"rendered":"<p>Auch wenn die Arbeitsbedingungen f\u00fcr die Energiegenossenschaften durch verschiedene Reformen und sonstige Ver\u00e4nderungen nach wie vor schwierig sind, konnten der Generalversammlung der B\u00fcrgerEnergiegenossenschaft Schelklingen eG, die am Montag den 26.06.2017 stattfand, erfreuliche Zahlen vorgelegt werden.<\/p>\n<p>Die anwesenden Mitglieder, entlasteten Vorstand und Aufsichtsrat einstimmig und dankten f\u00fcr die gute und erfolgreiche Arbeit.<\/p>\n<p>Zuvor wurden von beiden Organen die Berichte \u00fcber den Gesch\u00e4ftsverlauf abgegeben. Die Genossenschaft verf\u00fcgte zum Ende des sechsten Gesch\u00e4ftsjahrs 2016 \u00fcber sechs PV-Anlagen mit einer Gesamtleistung von 262 kWp welche mittlerweile fast 1,5 Millionen kWh elektrische Energie erzeugt und mehr als 800 Tonnen CO2 vermieden haben. Neben den eigenen PV-Anlagen wird eine Beteiligung an einem gr\u00f6\u00dferen Solarpark und einer geplanten Windkraftanlage gehalten. Die Genossenschaft hat 63 Mitglieder, die Anteile im Wert von 250.200,-\u20ac gezeichnet haben.<\/p>\n<p>Der positive Gesch\u00e4ftsverlauf versetzte den Vorstand in die Lage der Versammlung neben der Bildung einer vern\u00fcnftigen R\u00fccklage auch die Aussch\u00fcttung einer Dividende in H\u00f6he von 4,5% vorzuschlagen, was so auch beschlossen wurde. Mit diesem respektablen Wert, der neben der Sonne auch dem umfangreichen, ehrenamtlichen Engagement von Vorstand und Aufsichtsrat zu verdanken ist, kann die mit einem St\u00fcck Idealismus verbundene Investition in sauberere, regenerative Energie belohnt werden.<\/p>\n<p>Im weiteren Verlauf erhielten die Mitglieder einen \u00dcberblick zu weiteren m\u00f6glichen Projekten abseits der Photovoltaik welche derzeit starken Einschr\u00e4nkungen unterliegt.<\/p>\n<p>Da auch der Ausbau der regionalen Windkraft und damit die M\u00f6glichkeiten der Mitwirkung nicht so richtig voran kommt, bleibt als Handlungsfeld die Umsetzung und Finanzierung von Projekten zur Energieeffizienz und Einsparung wir beispielsweise bei Beleuchtung oder Heizung.<\/p>\n<p>Da keine Wahlen anstanden gehen Aufsichtsrat und Vorstand in unver\u00e4nderter Zusammensetzung der n\u00e4chsten Generalversammlung entgegen.<\/p>\n<p>Nach einer allgemeinen Aussprache- und Fragerunde konnte die erfolgreich und harmonisch verlaufene Generalversammlung gegen 21:00 Uhr beendet werden. <a href=\"http:\/\/www.beg-schelklingen.de\/wordpress\/wp-content\/uploads\/2017\/06\/gv2017_20170626_195533.jpg\"><img loading=\"lazy\" decoding=\"async\" class=\"alignnone size-medium wp-image-169\" src=\"http:\/\/www.beg-schelklingen.de\/wordpress\/wp-content\/uploads\/2017\/06\/gv2017_20170626_195533-300x225.jpg\" alt=\"gv2017_20170626_195533\" width=\"300\" height=\"225\" srcset=\"http:\/\/www.beg-schelklingen.de\/wordpress\/wp-content\/uploads\/2017\/06\/gv2017_20170626_195533-300x225.jpg 300w, http:\/\/www.beg-schelklingen.de\/wordpress\/wp-content\/uploads\/2017\/06\/gv2017_20170626_195533.jpg 1024w, http:\/\/www.beg-schelklingen.de\/wordpress\/wp-content\/uploads\/2017\/06\/gv2017_20170626_195533-660x495.jpg 660w\" sizes=\"auto, (max-width: 300px) 100vw, 300px\" \/><\/a> <a href=\"http:\/\/www.beg-schelklingen.de\/wordpress\/wp-content\/uploads\/2017\/06\/gv2017_20170626_195553.jpg\"><img loading=\"lazy\" decoding=\"async\" class=\"alignnone size-medium wp-image-170\" src=\"http:\/\/www.beg-schelklingen.de\/wordpress\/wp-content\/uploads\/2017\/06\/gv2017_20170626_195553-300x225.jpg\" alt=\"gv2017_20170626_195553\" width=\"300\" height=\"225\" srcset=\"http:\/\/www.beg-schelklingen.de\/wordpress\/wp-content\/uploads\/2017\/06\/gv2017_20170626_195553-300x225.jpg 300w, http:\/\/www.beg-schelklingen.de\/wordpress\/wp-content\/uploads\/2017\/06\/gv2017_20170626_195553.jpg 1024w, http:\/\/www.beg-schelklingen.de\/wordpress\/wp-content\/uploads\/2017\/06\/gv2017_20170626_195553-660x495.jpg 660w\" sizes=\"auto, (max-width: 300px) 100vw, 300px\" \/><\/a><\/p>\n","protected":false},"excerpt":{"rendered":"<p>Auch wenn die Arbeitsbedingungen f\u00fcr die Energiegenossenschaften durch verschiedene Reformen und sonstige Ver\u00e4nderungen nach wie vor schwierig sind, konnten der Generalversammlung der B\u00fcrgerEnergiegenossenschaft Schelklingen eG, die am Montag den 26.06.2017 stattfand, erfreuliche Zahlen vorgelegt werden. Die anwesenden Mitglieder, entlasteten Vorstand und Aufsichtsrat einstimmig und dankten f\u00fcr die gute und erfolgreiche Arbeit. Zuvor wurden von beiden\u2026 <span class=\"read-more\"><a href=\"http:\/\/www.beg-schelklingen.de\/?p=166\">Weiterlesen &raquo;<\/a><\/span><\/p>\n","protected":false},"author":1,"featured_media":0,"comment_status":"closed","ping_status":"open","sticky":false,"template":"","format":"standard","meta":{"footnotes":""},"categories":[1],"tags":[],"class_list":["post-166","post","type-post","status-publish","format-standard","hentry","category-uncategorized"],"_links":{"self":[{"href":"http:\/\/www.beg-schelklingen.de\/index.php?rest_route=\/wp\/v2\/posts\/166","targetHints":{"allow":["GET"]}}],"collection":[{"href":"http:\/\/www.beg-schelklingen.de\/index.php?rest_route=\/wp\/v2\/posts"}],"about":[{"href":"http:\/\/www.beg-schelklingen.de\/index.php?rest_route=\/wp\/v2\/types\/post"}],"author":[{"embeddable":true,"href":"http:\/\/www.beg-schelklingen.de\/index.php?rest_route=\/wp\/v2\/users\/1"}],"replies":[{"embeddable":true,"href":"http:\/\/www.beg-schelklingen.de\/index.php?rest_route=%2Fwp%2Fv2%2Fcomments&post=166"}],"version-history":[{"count":1,"href":"http:\/\/www.beg-schelklingen.de\/index.php?rest_route=\/wp\/v2\/posts\/166\/revisions"}],"predecessor-version":[{"id":171,"href":"http:\/\/www.beg-schelklingen.de\/index.php?rest_route=\/wp\/v2\/posts\/166\/revisions\/171"}],"wp:attachment":[{"href":"http:\/\/www.beg-schelklingen.de\/index.php?rest_route=%2Fwp%2Fv2%2Fmedia&parent=166"}],"wp:term":[{"taxonomy":"category","embeddable":true,"href":"http:\/\/www.beg-schelklingen.de\/index.php?rest_route=%2Fwp%2Fv2%2Fcategories&post=166"},{"taxonomy":"post_tag","embeddable":true,"href":"http:\/\/www.beg-schelklingen.de\/index.php?rest_route=%2Fwp%2Fv2%2Ftags&post=166"}],"curies":[{"name":"wp","href":"https:\/\/api.w.org\/{rel}","templated":true}]}}