{"id":229,"date":"2024-07-29T19:04:36","date_gmt":"2024-07-29T18:04:36","guid":{"rendered":"http:\/\/www.beg-schelklingen.de\/?p=229"},"modified":"2024-07-29T19:04:36","modified_gmt":"2024-07-29T18:04:36","slug":"bericht-von-der-generalversammlung-2024","status":"publish","type":"post","link":"http:\/\/www.beg-schelklingen.de\/?p=229","title":{"rendered":"Bericht von der Generalversammlung 2024"},"content":{"rendered":"\n<p>Das Jahr 2023 war ein etwas unterdurchschnittliches Jahr, was Solarertr\u00e4ge angeht. Das Ergebnis war dennoch solide. Zudem konnte die BEG den Einstieg am Solarpark Justingen abschlie\u00dfen. Diese und andere Themen wurden in der Generalversammlung der B\u00fcrgerEnergiegenossenschaft Schelklingen eG pr\u00e4sentiert, die am Dienstag den 25.06.2024 stattfand.<\/p>\n\n\n\n<p>Aufgrund der vorgelegten guten Zahlen entlasteten die anwesenden Mitglieder Vorstand und Aufsichtsrat einstimmig und dankten f\u00fcr die gute und erfolgreiche Arbeit.<\/p>\n\n\n\n<p>Zuvor wurden von beiden Organen die Berichte \u00fcber den Gesch\u00e4ftsverlauf abgegeben. Die 2010 gegr\u00fcndete Genossenschaft verf\u00fcgte zum Ende des Gesch\u00e4ftsjahrs 2023 \u00fcber sechs PV-Anlagen mit einer Gesamtleistung von 262 kWp. Neben den eigenen PV-Anlagen wird eine Beteiligung an f\u00fcnf Solarparks im Bodenseeraum mit einer Gesamtleistung von 7 MWp, Sowie am Solarpark Justingen mit 6 MWp gehalten. Die Genossenschaft hat aktuell 130 Mitglieder, die Anteile im Wert von 313.200,-\u20ac gezeichnet haben.<\/p>\n\n\n\n<p>Die solare Einstrahlung und damit auch der Stromertrag war 2023 nach dem starken Jahr 2022 etwas unterdurchschnittlich, wie in der Grafik unten beispielhaft an der Anlage &#8222;Bauhof Schelklingen&#8220; zu sehen ist.<\/p>\n\n\n\n<figure class=\"wp-block-image size-large\"><a href=\"http:\/\/www.beg-schelklingen.de\/wordpress\/wp-content\/uploads\/2024\/07\/grafik.png\"><img loading=\"lazy\" decoding=\"async\" width=\"1024\" height=\"622\" src=\"http:\/\/www.beg-schelklingen.de\/wordpress\/wp-content\/uploads\/2024\/07\/grafik-1024x622.png\" alt=\"\" class=\"wp-image-230\" srcset=\"http:\/\/www.beg-schelklingen.de\/wordpress\/wp-content\/uploads\/2024\/07\/grafik-1024x622.png 1024w, http:\/\/www.beg-schelklingen.de\/wordpress\/wp-content\/uploads\/2024\/07\/grafik-300x182.png 300w, http:\/\/www.beg-schelklingen.de\/wordpress\/wp-content\/uploads\/2024\/07\/grafik-768x466.png 768w, http:\/\/www.beg-schelklingen.de\/wordpress\/wp-content\/uploads\/2024\/07\/grafik-660x401.png 660w, http:\/\/www.beg-schelklingen.de\/wordpress\/wp-content\/uploads\/2024\/07\/grafik.png 1064w\" sizes=\"auto, (max-width: 1024px) 100vw, 1024px\" \/><\/a><\/figure>\n\n\n\n<p>Die spezifischen Ertr\u00e4ge der Einzelanlagen stellen scih wie folgt dar:<\/p>\n\n\n\n<figure class=\"wp-block-image size-large\"><a href=\"http:\/\/www.beg-schelklingen.de\/wordpress\/wp-content\/uploads\/2024\/07\/grafik-1.png\"><img loading=\"lazy\" decoding=\"async\" width=\"1024\" height=\"386\" src=\"http:\/\/www.beg-schelklingen.de\/wordpress\/wp-content\/uploads\/2024\/07\/grafik-1-1024x386.png\" alt=\"\" class=\"wp-image-231\" srcset=\"http:\/\/www.beg-schelklingen.de\/wordpress\/wp-content\/uploads\/2024\/07\/grafik-1-1024x386.png 1024w, http:\/\/www.beg-schelklingen.de\/wordpress\/wp-content\/uploads\/2024\/07\/grafik-1-300x113.png 300w, http:\/\/www.beg-schelklingen.de\/wordpress\/wp-content\/uploads\/2024\/07\/grafik-1-768x290.png 768w, http:\/\/www.beg-schelklingen.de\/wordpress\/wp-content\/uploads\/2024\/07\/grafik-1-660x249.png 660w, http:\/\/www.beg-schelklingen.de\/wordpress\/wp-content\/uploads\/2024\/07\/grafik-1.png 1384w\" sizes=\"auto, (max-width: 1024px) 100vw, 1024px\" \/><\/a><\/figure>\n\n\n\n<p>Die Generalversammlung war in der Lage neben der Bildung einer vern\u00fcnftigen R\u00fccklage die Aussch\u00fcttung einer Dividende in H\u00f6he von 5 % zu beschlie\u00dfen. <\/p>\n\n\n\n<p>Mit diesem respektablen Wert, der neben der Sonne auch der geringen Kostenbelastung durch die umfangreiche ehrenamtliche T\u00e4tigkeit von Vorstand und Aufsichtsrat zu verdanken ist, kann die zukunftsorientierte Beteiligung der Mitglieder zur Gewinnung sauberer, regenerativer Energie belohnt werden.<\/p>\n\n\n\n<p>Im weiteren Verlauf erhielten die Mitglieder einen \u00dcberblick \u00fcber die Potentiale f\u00fcr die kommenden Jahre. Die erneuerbaren Energien haben durch die politische Weichenstellung und die aktuelle weltpolitische Entwicklung einen wesentlichen Auftrieb erhalten.<\/p>\n\n\n\n<p>Aktuell arbeitet die BEG an der Umsetzung eines kleineren Projektes mit 25 kWp auf dem Dach des Pumphauses des Regen\u00fcberlaufbeckens in Schelklingen.<\/p>\n\n\n\n<p>Nach einer allgemeinen Aussprache- und Fragerunde konnte die erfolgreich und harmonisch verlaufene Generalversammlung gegen 21:00 Uhr beendet werden.<\/p>\n","protected":false},"excerpt":{"rendered":"<p>Das Jahr 2023 war ein etwas unterdurchschnittliches Jahr, was Solarertr\u00e4ge angeht. Das Ergebnis war dennoch solide. Zudem konnte die BEG den Einstieg am Solarpark Justingen abschlie\u00dfen. Diese und andere Themen wurden in der Generalversammlung der B\u00fcrgerEnergiegenossenschaft Schelklingen eG pr\u00e4sentiert, die am Dienstag den 25.06.2024 stattfand. Aufgrund der vorgelegten guten Zahlen entlasteten die anwesenden Mitglieder Vorstand\u2026 <span class=\"read-more\"><a href=\"http:\/\/www.beg-schelklingen.de\/?p=229\">Weiterlesen &raquo;<\/a><\/span><\/p>\n","protected":false},"author":1,"featured_media":0,"comment_status":"closed","ping_status":"open","sticky":false,"template":"","format":"standard","meta":{"footnotes":""},"categories":[1],"tags":[],"class_list":["post-229","post","type-post","status-publish","format-standard","hentry","category-uncategorized"],"_links":{"self":[{"href":"http:\/\/www.beg-schelklingen.de\/index.php?rest_route=\/wp\/v2\/posts\/229","targetHints":{"allow":["GET"]}}],"collection":[{"href":"http:\/\/www.beg-schelklingen.de\/index.php?rest_route=\/wp\/v2\/posts"}],"about":[{"href":"http:\/\/www.beg-schelklingen.de\/index.php?rest_route=\/wp\/v2\/types\/post"}],"author":[{"embeddable":true,"href":"http:\/\/www.beg-schelklingen.de\/index.php?rest_route=\/wp\/v2\/users\/1"}],"replies":[{"embeddable":true,"href":"http:\/\/www.beg-schelklingen.de\/index.php?rest_route=%2Fwp%2Fv2%2Fcomments&post=229"}],"version-history":[{"count":1,"href":"http:\/\/www.beg-schelklingen.de\/index.php?rest_route=\/wp\/v2\/posts\/229\/revisions"}],"predecessor-version":[{"id":232,"href":"http:\/\/www.beg-schelklingen.de\/index.php?rest_route=\/wp\/v2\/posts\/229\/revisions\/232"}],"wp:attachment":[{"href":"http:\/\/www.beg-schelklingen.de\/index.php?rest_route=%2Fwp%2Fv2%2Fmedia&parent=229"}],"wp:term":[{"taxonomy":"category","embeddable":true,"href":"http:\/\/www.beg-schelklingen.de\/index.php?rest_route=%2Fwp%2Fv2%2Fcategories&post=229"},{"taxonomy":"post_tag","embeddable":true,"href":"http:\/\/www.beg-schelklingen.de\/index.php?rest_route=%2Fwp%2Fv2%2Ftags&post=229"}],"curies":[{"name":"wp","href":"https:\/\/api.w.org\/{rel}","templated":true}]}}