{"id":49,"date":"2014-06-22T21:08:04","date_gmt":"2014-06-22T21:08:04","guid":{"rendered":"http:\/\/beg-skl.bplaced.net\/wordpress\/?p=49"},"modified":"2015-12-01T21:18:24","modified_gmt":"2015-12-01T21:18:24","slug":"bericht-von-der-generalversammlung-2014","status":"publish","type":"post","link":"http:\/\/www.beg-schelklingen.de\/?p=49","title":{"rendered":"Bericht von der Generalversammlung 2014"},"content":{"rendered":"<p>Trotz der relativ wenigen Sonnenstunden im Jahr 2013 konnten der Generalversammlung der B\u00fcrgerEnergiegenossenschaft Schelklingen eG, die am Freitag den 20.06.2014 statt fand, erfreuliche Zahlen vorgelegt werden.<br \/>\nDie anwesenden Mitglieder, entlasteten Vorstand und Aufsichtsrat einstimmig und dankten f\u00fcr die gute und erfolgreiche Arbeit.<!--more--><\/p>\n<p>Zuvor wurden von beiden Organen die Berichte \u00fcber den Gesch\u00e4ftsverlauf abgegeben. Die Genossenschaft verf\u00fcgte zum Ende des dritten Gesch\u00e4ftsjahrs 2013 \u00fcber sechs PV-Anlagen mit einer Gesamtleistung von 262 kWp welche mittlerweile 790.000 kWh elektrische Energie erzeugt und 470 Tonnen CO2 vermieden haben.<br \/>\nDie Genossenschaft hat 63 Mitglieder, die Anteile im Wert von 292.200,-\u20ac gezeichnet haben.<br \/>\nDer positive Gesch\u00e4ftsverlauf versetzte den Vorstand in die Lage der Versammlung neben der Bildung einer vern\u00fcnftigen R\u00fccklage auch die Aussch\u00fcttung einer Dividende in H\u00f6he von 4,5% vorzuschlagen, was so auch beschlossen wurde. Mit diesem respektablen Wert, der neben der Sonne auch dem umfangreichen, ehrenamtlichen Engagement der Mitglieder zu verdanken ist, kann die mit einem St\u00fcck Idealismus verbundene Investition in sauberere, regenerative Energie belohnt werden.<\/p>\n<p>Im weiteren Verlauf erhielten die Mitglieder einen \u00dcberblick zu weiteren m\u00f6glichen Projekten. Aufgrund der teilweise sehr schleppenden Umsetzung der Energiewende und der noch unklaren Auswirkungen der Novelle des EEG 2014 ist der Handlungsspielraum derzeit erheblich eingeschr\u00e4nkt. Wenngleich auch der Ausbau der regionalen Windkraft teilweise erheblichen Widerst\u00e4nden ausgesetzt ist, gibt es noch aktuelle Projekte an denen die Genossenschaft eine Beteiligung erw\u00e4gt.<br \/>\nDamit k\u00f6nnten endlich auch wieder neue Mitglieder aufgenommen und bestehende Anteile erh\u00f6ht werden.<br \/>\nWeiteres Potenzial besteht auch in Projekten zur Energieeffizienz und Einsparung.<\/p>\n<p>Nach einer allgemeinen Aussprache- und Fragerunde konnte die erfolgreich und harmonisch verlaufene Generalversammlung gegen 22:00 Uhr beendet werden.<\/p>\n","protected":false},"excerpt":{"rendered":"<p>Trotz der relativ wenigen Sonnenstunden im Jahr 2013 konnten der Generalversammlung der B\u00fcrgerEnergiegenossenschaft Schelklingen eG, die am Freitag den 20.06.2014 statt fand, erfreuliche Zahlen vorgelegt werden. Die anwesenden Mitglieder, entlasteten Vorstand und Aufsichtsrat einstimmig und dankten f\u00fcr die gute und erfolgreiche Arbeit.<\/p>\n","protected":false},"author":1,"featured_media":0,"comment_status":"open","ping_status":"open","sticky":false,"template":"","format":"standard","meta":{"footnotes":""},"categories":[1],"tags":[],"class_list":["post-49","post","type-post","status-publish","format-standard","hentry","category-uncategorized"],"_links":{"self":[{"href":"http:\/\/www.beg-schelklingen.de\/index.php?rest_route=\/wp\/v2\/posts\/49","targetHints":{"allow":["GET"]}}],"collection":[{"href":"http:\/\/www.beg-schelklingen.de\/index.php?rest_route=\/wp\/v2\/posts"}],"about":[{"href":"http:\/\/www.beg-schelklingen.de\/index.php?rest_route=\/wp\/v2\/types\/post"}],"author":[{"embeddable":true,"href":"http:\/\/www.beg-schelklingen.de\/index.php?rest_route=\/wp\/v2\/users\/1"}],"replies":[{"embeddable":true,"href":"http:\/\/www.beg-schelklingen.de\/index.php?rest_route=%2Fwp%2Fv2%2Fcomments&post=49"}],"version-history":[{"count":2,"href":"http:\/\/www.beg-schelklingen.de\/index.php?rest_route=\/wp\/v2\/posts\/49\/revisions"}],"predecessor-version":[{"id":55,"href":"http:\/\/www.beg-schelklingen.de\/index.php?rest_route=\/wp\/v2\/posts\/49\/revisions\/55"}],"wp:attachment":[{"href":"http:\/\/www.beg-schelklingen.de\/index.php?rest_route=%2Fwp%2Fv2%2Fmedia&parent=49"}],"wp:term":[{"taxonomy":"category","embeddable":true,"href":"http:\/\/www.beg-schelklingen.de\/index.php?rest_route=%2Fwp%2Fv2%2Fcategories&post=49"},{"taxonomy":"post_tag","embeddable":true,"href":"http:\/\/www.beg-schelklingen.de\/index.php?rest_route=%2Fwp%2Fv2%2Ftags&post=49"}],"curies":[{"name":"wp","href":"https:\/\/api.w.org\/{rel}","templated":true}]}}