{"id":52,"date":"2013-07-04T21:10:52","date_gmt":"2013-07-04T21:10:52","guid":{"rendered":"http:\/\/beg-skl.bplaced.net\/wordpress\/?p=52"},"modified":"2015-12-01T21:19:05","modified_gmt":"2015-12-01T21:19:05","slug":"bericht-von-der-generalversammlung-2013","status":"publish","type":"post","link":"http:\/\/www.beg-schelklingen.de\/?p=52","title":{"rendered":"Bericht von der Generalversammlung 2013"},"content":{"rendered":"<p>Dank der \u00fcberdurchschnittlich vielen Sonnenstunden im Jahr 2012 konnten der Generalversammlung der B\u00fcrgerEnergiegenossenschaft Schelklingen eG, welche am Freitag 28.06.2013 statt fand, erfreuliche Zahlen vorgelegt werden.<!--more--><\/p>\n<p>Die anwesenden Mitglieder, entlasteten Vorstand und Aufsichtsrat einstimmig und dankten f\u00fcr die gute und erfolgreiche Arbeit.<\/p>\n<p>Zuvor wurden von beiden Organen die Berichte \u00fcber den Gesch\u00e4ftsverlauf abgegeben. Die Genossenschaft verf\u00fcgte zum Ende des zweiten Gesch\u00e4ftsjahrs 2012 bereits \u00fcber sechs PV-Anlagen mit einer Gesamtleistung von 262 kWp, welche im Gesch\u00e4ftsjahr 192000 kWh elektrische Energie erzeugt und dadurch 110 Tonnen CO2 vermieden haben.<\/p>\n<p>Mittlerweile hat die Genossenschaft 63 Mitglieder, die Anteile in einem Wert von 292.200,-\u20ac gezeichnet haben.<\/p>\n<p>Der positive Gesch\u00e4ftsverlauf versetzte den Vorstand in die Lage der Versammlung neben der Bildung einer vern\u00fcnftigen R\u00fccklage auch die Aussch\u00fcttung einer Dividende in H\u00f6he von 4,5% vorzuschlagen, was so auch beschlossen wurde. Mit diesem respektablen Wert, der neben der Sonne auch dem umfangreichen, ehrenamtlichen Engagement der Mitglieder zu danken ist, kann die mit einem St\u00fcck Idealismus verbundene Investition in sauberere, regenerative Energie belohnt werden.<\/p>\n<p>Aufgrund der im Herbst ablaufenden Amtszeit war die Wahl des Aufsichtsrats erforderlich. Der neue Aufsichtsrat besteht aus:<\/p>\n<p>Gerd Tillmann (Vorsitzender), Siegfried Tress (stv. Vorsitzender), Thomas Tolksdorf (Schriftf\u00fchrer).<\/p>\n<p>Dem aus gesundheitlichen Gr\u00fcnden ausscheidenden Aufsichtsrat Franz Neymeyer wurde in Abwesenheit f\u00fcr sein erbrachtes Engagement gedankt.<\/p>\n<p>Im weiteren Verlauf erhielten die Mitglieder einen \u00dcberblick zu weiteren m\u00f6glichen Projekten. Aufgrund der erheblichen Reduzierung der Einspeiseverg\u00fctung und konstanten Fixkosten sowie begrenzter verf\u00fcgbarer Dachfl\u00e4chen ist der Zubau weiterer PV-Anlagen derzeit sehr problematisch. Ziel ist weiterhin die Beteiligung an lokalen und regionalen Windkraftprojekten. Lokal ist jedoch aufgrund der vielen H\u00fcrden im Genehmigungsverfahren mit keinem kurzfristigen Angebot zu rechnen. Das f\u00fcr die im Fr\u00fchjahr diesen Jahres in Betrieb genommen Anlagen in Bergh\u00fclen bestehende Angebot einer Finanzierungsbeteiligung wurde aufgrund unbefriedigender Konditionen nicht wahr genommen. Weiteres Potenzial f\u00fcr Projekte wird im Bereich Contracting gesehen.<\/p>\n<p>Nach einer allgemeinen Aussprache- und Fragerunde konnte die erfolgreich und harmonisch verlaufene Generalversammlung um ca. 22:00 Uhr beendet werden.<\/p>\n","protected":false},"excerpt":{"rendered":"<p>Dank der \u00fcberdurchschnittlich vielen Sonnenstunden im Jahr 2012 konnten der Generalversammlung der B\u00fcrgerEnergiegenossenschaft Schelklingen eG, welche am Freitag 28.06.2013 statt fand, erfreuliche Zahlen vorgelegt werden.<\/p>\n","protected":false},"author":1,"featured_media":0,"comment_status":"open","ping_status":"open","sticky":false,"template":"","format":"standard","meta":{"footnotes":""},"categories":[1],"tags":[],"class_list":["post-52","post","type-post","status-publish","format-standard","hentry","category-uncategorized"],"_links":{"self":[{"href":"http:\/\/www.beg-schelklingen.de\/index.php?rest_route=\/wp\/v2\/posts\/52","targetHints":{"allow":["GET"]}}],"collection":[{"href":"http:\/\/www.beg-schelklingen.de\/index.php?rest_route=\/wp\/v2\/posts"}],"about":[{"href":"http:\/\/www.beg-schelklingen.de\/index.php?rest_route=\/wp\/v2\/types\/post"}],"author":[{"embeddable":true,"href":"http:\/\/www.beg-schelklingen.de\/index.php?rest_route=\/wp\/v2\/users\/1"}],"replies":[{"embeddable":true,"href":"http:\/\/www.beg-schelklingen.de\/index.php?rest_route=%2Fwp%2Fv2%2Fcomments&post=52"}],"version-history":[{"count":3,"href":"http:\/\/www.beg-schelklingen.de\/index.php?rest_route=\/wp\/v2\/posts\/52\/revisions"}],"predecessor-version":[{"id":56,"href":"http:\/\/www.beg-schelklingen.de\/index.php?rest_route=\/wp\/v2\/posts\/52\/revisions\/56"}],"wp:attachment":[{"href":"http:\/\/www.beg-schelklingen.de\/index.php?rest_route=%2Fwp%2Fv2%2Fmedia&parent=52"}],"wp:term":[{"taxonomy":"category","embeddable":true,"href":"http:\/\/www.beg-schelklingen.de\/index.php?rest_route=%2Fwp%2Fv2%2Fcategories&post=52"},{"taxonomy":"post_tag","embeddable":true,"href":"http:\/\/www.beg-schelklingen.de\/index.php?rest_route=%2Fwp%2Fv2%2Ftags&post=52"}],"curies":[{"name":"wp","href":"https:\/\/api.w.org\/{rel}","templated":true}]}}